{"id":54019,"date":"2017-09-01T09:05:00","date_gmt":"2017-09-01T06:05:00","guid":{"rendered":"https:\/\/kirjavinkit.fi\/?p=54019"},"modified":"2023-02-17T14:02:04","modified_gmt":"2023-02-17T12:02:04","slug":"linnunsitoja","status":"publish","type":"post","link":"https:\/\/www.kirjavinkit.fi\/arvostelut\/linnunsitoja\/","title":{"rendered":"Linnunsitoja"},"content":{"rendered":"\n<p class=\"wp-block-paragraph\">Elet\u00e4\u00e4n jonkinlaisessa dystopiassa. Zemi pakenee ty\u00f6st\u00e4\u00e4n luksuskylpyl\u00e4ss\u00e4 Maherin Kuilussa, paetakseen veljens\u00e4 kanssa helikopterikyydill\u00e4 merell\u00e4 olevalle saarelle. Veli kuitenkin peruu viime hetkell\u00e4 ja Zemi saa matkaseurakseen veljens\u00e4 yst\u00e4v\u00e4n Thomin.<\/p>\n\n\n\n<p class=\"wp-block-paragraph\">Saarella on majakka ja siell\u00e4 pieni yhteis\u00f6 vastarintaliikett\u00e4. Saarelaiset vastustavat Konetta, joka hallitsee Kuiluissa asuvien el\u00e4m\u00e4\u00e4. Isoja kirjaimia ja isoja j\u00e4rjestelmi\u00e4, mutta <strong>Helena Waris<\/strong> ei maailmaansa liiemmin selittele, vaan antaa lukijan tehd\u00e4 omat tulkintansa.<\/p>\n\n\n\n<p class=\"wp-block-paragraph\">Majakan yhteis\u00f6 on meren armoilla ja viestii mantereen kanssa kyyhkyjen v\u00e4lityksell\u00e4. Koneet vahvistavat kuitenkin tehoaan ja h\u00e4iritsev\u00e4t lintujen suunnistuskyky\u00e4. Majakassa pohditaan radion tehostamista: se on uhka linnuille, mutta mahdollistaisi suoran radioyhteyden yst\u00e4viin.<\/p>\n\n\n\n<p class=\"wp-block-paragraph\">Vastarinta tuntuu jakautuneen kahtia asian vuoksi, eik\u00e4 Zemi uutena tulokkaana tied\u00e4, kehen voi luottaa. Luottamus ja ep\u00e4luulo ovatkin vahvoja teemoja <em>Linnunsitojassa<\/em>.<\/p>\n\n\n\n<p class=\"wp-block-paragraph\">Lyhyt, napakka kirja \u2013 alle 200 sivua \u2013 ei suotta aikaile, vitkastele tai viivy k\u00e4siss\u00e4 liian pitk\u00e4\u00e4n. Maailmaa ei selitet\u00e4, mutta jos on joskus lukenut jonkun vastaavan dystopian, on jo aika hyv\u00e4 k\u00e4sitys, millainen maailma voisi olla. Loppu on oikeastaan aika sopiva: t\u00e4m\u00e4n voisi j\u00e4tt\u00e4\u00e4 t\u00e4h\u00e4n, eik\u00e4 se minua vaivaisi, mutta kyll\u00e4 t\u00e4lle jatkoakin voisi kehitell\u00e4.<\/p>\n","protected":false},"excerpt":{"rendered":"<p>Elet\u00e4\u00e4n jonkinlaisessa dystopiassa. Zemi pakenee ty\u00f6st\u00e4\u00e4n luksuskylpyl\u00e4ss\u00e4 Maherin Kuilussa, paetakseen veljens\u00e4 kanssa helikopterikyydill\u00e4 merell\u00e4 olevalle saarelle. Veli kuitenkin peruu viime hetkell\u00e4 ja Zemi saa matkaseurakseen veljens\u00e4 yst\u00e4v\u00e4n Thomin. Saarella on majakka ja siell\u00e4 pieni yhteis\u00f6 vastarintaliikett\u00e4. Saarelaiset vastustavat Konetta, joka hallitsee Kuiluissa asuvien el\u00e4m\u00e4\u00e4. Isoja kirjaimia ja isoja j\u00e4rjestelmi\u00e4, mutta Helena Waris ei maailmaansa liiemmin&hellip; <a href=\"https:\/\/www.kirjavinkit.fi\/arvostelut\/linnunsitoja\/\" class=\"more-link\">Lue lis\u00e4\u00e4 <span class=\"screen-reader-text\">Linnunsitoja<\/span> <svg class=\"icon icon-next\" aria-hidden=\"true\" role=\"img\"><use xlink:href=\"#icon-next\"><\/use><\/svg><\/a><\/p>\n","protected":false},"author":1,"featured_media":111509,"comment_status":"open","ping_status":"closed","sticky":false,"template":"","format":"standard","meta":{"_relevanssi_hide_post":"","_relevanssi_hide_content":"","_relevanssi_pin_for_all":"","_relevanssi_pin_keywords":"","_relevanssi_unpin_keywords":"","_relevanssi_related_keywords":"","_relevanssi_related_include_ids":"0","_relevanssi_related_exclude_ids":"","_relevanssi_related_no_append":"","_relevanssi_related_not_related":"","_relevanssi_related_posts":"96462,18730,128777,20125,140588,20001,27993,122557,94915","_relevanssi_noindex_reason":"","activitypub_content_warning":"","activitypub_content_visibility":"","activitypub_max_image_attachments":3,"activitypub_interaction_policy_quote":"anyone","activitypub_status":"","footnotes":""},"categories":[4223],"tags":[537,459,2990,3299,1953,15865,576],"paikat":[],"henkilot":[],"kirjailijat":[3006],"kaantajat":[],"julkaisijat":[29911],"kieli":[4333],"alkukieli":[26716],"luokka":[4336],"sarja":[24300],"class_list":["post-54019","post","type-post","status-publish","format-standard","has-post-thumbnail","hentry","category-arvostelut","tag-dystopiat","tag-linnut","tag-luottamus","tag-majakat","tag-nuortenkirjat","tag-science-fiction","tag-vastarintaliike","kirjailijat-waris-helena","julkaisijat-otava","kieli-suomeksi","alkukieli-suomi","luokka-kotimainen","sarja-konetrilogia"],"_links":{"self":[{"href":"https:\/\/www.kirjavinkit.fi\/wp-json\/wp\/v2\/posts\/54019","targetHints":{"allow":["GET"]}}],"collection":[{"href":"https:\/\/www.kirjavinkit.fi\/wp-json\/wp\/v2\/posts"}],"about":[{"href":"https:\/\/www.kirjavinkit.fi\/wp-json\/wp\/v2\/types\/post"}],"author":[{"embeddable":true,"href":"https:\/\/www.kirjavinkit.fi\/wp-json\/wp\/v2\/users\/1"}],"replies":[{"embeddable":true,"href":"https:\/\/www.kirjavinkit.fi\/wp-json\/wp\/v2\/comments?post=54019"}],"version-history":[{"count":2,"href":"https:\/\/www.kirjavinkit.fi\/wp-json\/wp\/v2\/posts\/54019\/revisions"}],"predecessor-version":[{"id":110883,"href":"https:\/\/www.kirjavinkit.fi\/wp-json\/wp\/v2\/posts\/54019\/revisions\/110883"}],"wp:featuredmedia":[{"embeddable":true,"href":"https:\/\/www.kirjavinkit.fi\/wp-json\/wp\/v2\/media\/111509"}],"wp:attachment":[{"href":"https:\/\/www.kirjavinkit.fi\/wp-json\/wp\/v2\/media?parent=54019"}],"wp:term":[{"taxonomy":"category","embeddable":true,"href":"https:\/\/www.kirjavinkit.fi\/wp-json\/wp\/v2\/categories?post=54019"},{"taxonomy":"post_tag","embeddable":true,"href":"https:\/\/www.kirjavinkit.fi\/wp-json\/wp\/v2\/tags?post=54019"},{"taxonomy":"paikat","embeddable":true,"href":"https:\/\/www.kirjavinkit.fi\/wp-json\/wp\/v2\/paikat?post=54019"},{"taxonomy":"henkilot","embeddable":true,"href":"https:\/\/www.kirjavinkit.fi\/wp-json\/wp\/v2\/henkilot?post=54019"},{"taxonomy":"kirjailijat","embeddable":true,"href":"https:\/\/www.kirjavinkit.fi\/wp-json\/wp\/v2\/kirjailijat?post=54019"},{"taxonomy":"kaantajat","embeddable":true,"href":"https:\/\/www.kirjavinkit.fi\/wp-json\/wp\/v2\/kaantajat?post=54019"},{"taxonomy":"julkaisijat","embeddable":true,"href":"https:\/\/www.kirjavinkit.fi\/wp-json\/wp\/v2\/julkaisijat?post=54019"},{"taxonomy":"kieli","embeddable":true,"href":"https:\/\/www.kirjavinkit.fi\/wp-json\/wp\/v2\/kieli?post=54019"},{"taxonomy":"alkukieli","embeddable":true,"href":"https:\/\/www.kirjavinkit.fi\/wp-json\/wp\/v2\/alkukieli?post=54019"},{"taxonomy":"luokka","embeddable":true,"href":"https:\/\/www.kirjavinkit.fi\/wp-json\/wp\/v2\/luokka?post=54019"},{"taxonomy":"sarja","embeddable":true,"href":"https:\/\/www.kirjavinkit.fi\/wp-json\/wp\/v2\/sarja?post=54019"}],"curies":[{"name":"wp","href":"https:\/\/api.w.org\/{rel}","templated":true}]}}