{"id":7549,"date":"2024-04-22T16:27:42","date_gmt":"2024-04-22T22:27:42","guid":{"rendered":"https:\/\/www.seg.gob.mx\/?p=7549"},"modified":"2024-04-22T16:27:42","modified_gmt":"2024-04-22T22:27:42","slug":"instala-la-seg-junta-directiva-de-la-universidad-tecnologica-y-politecnica-de-coyuca-de-benitez","status":"publish","type":"post","link":"https:\/\/www.seg.gob.mx\/?p=7549","title":{"rendered":"Instala la SEG Junta Directiva de la Universidad Tecnol\u00f3gica y Polit\u00e9cnica de Coyuca de Ben\u00edtez"},"content":{"rendered":"<p class=\"p1\"><img decoding=\"async\" loading=\"lazy\" class=\"size-full wp-image-7483 aligncenter\" src=\"https:\/\/www.seg.gob.mx\/wp-content\/uploads\/2024\/04\/SECRETARIA-DE-EDUCACION-GUERRERO_Facebook-Twitter-1.jpeg\" alt=\"\" width=\"1667\" height=\"1668\" \/><\/p>\n<ul>\n<li class=\"p1\"><span class=\"s1\">\u201cEste contenido es p\u00fablico, ajeno a cualquier partido pol\u00edtico. Queda prohibido el uso para fines distintos a los educativos\u00bb.<\/span><\/li>\n<\/ul>\n<p class=\"p1\"><span class=\"s1\"><br \/>\nCoyuca de Ben\u00edtez, Gro. 22 de abril del 2024.- La Secretar\u00eda de Educaci\u00f3n Guerrero (SEG), instal\u00f3 el d\u00eda de hoy la Junta Directiva -que es el \u00f3rgano de gobierno- de la Universidad Tecnol\u00f3gica y Polit\u00e9cnica de este municipio, la cual ya se encuentra en funcionamiento desde el ciclo escolar anterior, para dar oportunidad a estudiantes a qu\u00e9 realicen estudios de licenciatura.<\/span><\/p>\n<p class=\"p1\"><span class=\"s1\">Esta instituci\u00f3n educativa cuenta con decreto aprobado por la legislatura local el 19 de diciembre del 2023, en donde se imparten las carreras: Ingenieria en Redes y Telecomunicaciones, Ingenier\u00eda en Energ\u00eda, Ingenier\u00eda en Comercio Internacional y Aduanas, Ingenier\u00eda Civil.<\/span><\/p>\n","protected":false},"excerpt":{"rendered":"<p>\u201cEste contenido es p\u00fablico, ajeno a cualquier partido pol\u00edtico. Queda prohibido el uso para fines distintos a los educativos\u00bb. Coyuca de Ben\u00edtez, Gro. 22 de abril del 2024.- La Secretar\u00eda de Educaci\u00f3n Guerrero (SEG), instal\u00f3 el d\u00eda de hoy la Junta Directiva -que es el \u00f3rgano de gobierno- de laLeer&#8230;<\/p>\n<p> <a class=\"continue-reading-link\" href=\"https:\/\/www.seg.gob.mx\/?p=7549\"><span><\/span><i class=\"crycon-right-dir\"><\/i><\/a> <\/p>\n","protected":false},"author":32,"featured_media":7483,"comment_status":"closed","ping_status":"closed","sticky":false,"template":"","format":"standard","meta":[],"categories":[7,2],"tags":[],"jetpack_featured_media_url":"https:\/\/www.seg.gob.mx\/wp-content\/uploads\/2024\/04\/SECRETARIA-DE-EDUCACION-GUERRERO_Facebook-Twitter-1.jpeg","jetpack-related-posts":[],"jetpack_sharing_enabled":true,"jetpack_likes_enabled":true,"_links":{"self":[{"href":"https:\/\/www.seg.gob.mx\/index.php?rest_route=\/wp\/v2\/posts\/7549"}],"collection":[{"href":"https:\/\/www.seg.gob.mx\/index.php?rest_route=\/wp\/v2\/posts"}],"about":[{"href":"https:\/\/www.seg.gob.mx\/index.php?rest_route=\/wp\/v2\/types\/post"}],"author":[{"embeddable":true,"href":"https:\/\/www.seg.gob.mx\/index.php?rest_route=\/wp\/v2\/users\/32"}],"replies":[{"embeddable":true,"href":"https:\/\/www.seg.gob.mx\/index.php?rest_route=%2Fwp%2Fv2%2Fcomments&post=7549"}],"version-history":[{"count":1,"href":"https:\/\/www.seg.gob.mx\/index.php?rest_route=\/wp\/v2\/posts\/7549\/revisions"}],"predecessor-version":[{"id":7550,"href":"https:\/\/www.seg.gob.mx\/index.php?rest_route=\/wp\/v2\/posts\/7549\/revisions\/7550"}],"wp:featuredmedia":[{"embeddable":true,"href":"https:\/\/www.seg.gob.mx\/index.php?rest_route=\/wp\/v2\/media\/7483"}],"wp:attachment":[{"href":"https:\/\/www.seg.gob.mx\/index.php?rest_route=%2Fwp%2Fv2%2Fmedia&parent=7549"}],"wp:term":[{"taxonomy":"category","embeddable":true,"href":"https:\/\/www.seg.gob.mx\/index.php?rest_route=%2Fwp%2Fv2%2Fcategories&post=7549"},{"taxonomy":"post_tag","embeddable":true,"href":"https:\/\/www.seg.gob.mx\/index.php?rest_route=%2Fwp%2Fv2%2Ftags&post=7549"}],"curies":[{"name":"wp","href":"https:\/\/api.w.org\/{rel}","templated":true}]}}